{"id":4530,"date":"2026-03-14T02:43:04","date_gmt":"2026-03-14T02:43:04","guid":{"rendered":"http:\/\/hugofranco.pt\/?p=4530"},"modified":"2026-03-14T02:43:05","modified_gmt":"2026-03-14T02:43:05","slug":"f1-terv-mikor-kezdodik-a-2025-os-holland-nagydij","status":"publish","type":"post","link":"http:\/\/hugofranco.pt\/?p=4530","title":{"rendered":"F1 terv: mikor kezd\u0151dik a 2025-\u00f6s Holland Nagyd\u00edj?"},"content":{"rendered":"<div id=\"toc\" style=\"background: #f9f9f9;border: 1px solid #aaa;display: table;margin-bottom: 1em;padding: 1em;width: 350px;\">\n<p class=\"toctitle\" style=\"font-weight: 700;text-align: center;\">Bejegyz\u00e9sek<\/p>\n<ul class=\"toc_list\">\n<li><a href=\"#toc-0\">Holland Nagyd\u00edj J\u00f3slat<\/a><\/li>\n<li><a href=\"#toc-1\">Hogyan t\u00f6rt\u00e9k meg az F1 k\u00f6z\u00f6ss\u00e9gek a padl\u00f3n l\u00e9v\u0151 benyom\u00e1st egy adott id\u0151pontban?<\/a><\/li>\n<li><a href=\"#toc-2\">Augusztus 31-i h\u00e9tv\u00e9ge<\/a><\/li>\n<li><a href=\"#toc-3\">Holland Nagyd\u00edj menetrendje 2025<\/a><\/li>\n<\/ul>\n<\/div>\n<p>\u201eVal\u00f3sz\u00edn\u0171leg sz\u00fcks\u00e9g lesz valamilyen titokra, j\u00f3 megk\u00f6zel\u00edt\u00e9sre vagy hihetetlen ir\u00e1ny\u00edt\u00e1si mechanizmusok megment\u00e9s\u00e9re, vagy valami hasonl\u00f3ra.\u201d \u2013 Lando Norris a Piastri legy\u0151z\u00e9s\u00e9nek es\u00e9lyeir\u0151l a h\u00e9tv\u00e9g\u00e9n. Az \u00faj Zandvoort \u00fatvonal karny\u00fajt\u00e1snyira tal\u00e1lhat\u00f3 Hollandia k\u00f6zpontj\u00e1t\u00f3l, Amszterdamt\u00f3l. <!--more--> A k\u00f6rny\u00e9ken rengeteg sz\u00e1lloda \u00e9s AirBnb lehet\u0151s\u00e9g tal\u00e1lhat\u00f3, amelyek k\u00f6nnyen megk\u00f6zel\u00edthet\u0151k, k\u00f6r\u00fclbel\u00fcl egy \u00f3r\u00e1nyira a v\u00e1rost\u00f3l.<\/p>\n<p>Ha a vil\u00e1g k\u00f6r\u00fcl j\u00e1rsz, a figyelem az elm\u00falt \u00e9vekben kev\u00e9sb\u00e9 volt k\u00e9rd\u00e9ses, az \u00faj kijelent\u00e9s, miszerint 2026 lesz az utols\u00f3 Holland Nagyd\u00edj a j\u00f6v\u0151ben, n\u00f6velheti a keresletet a leg\u00fajabb 2025-\u00f6s \u00e9lm\u00e9ny ir\u00e1nt. Javasoljuk a korai jegyfoglal\u00e1st, k\u00fcl\u00f6n\u00f6sen a divatosabb lel\u00e1t\u00f3k\u00f6zpontokba. A Holland Nagyd\u00edj b\u00e9rletek biztos\u00edt\u00e1s\u00e1hoz l\u00e1togass el a hivatalos F1 Feel weboldalra, vagy regisztr\u00e1lj a Holland Nagyd\u00edj hivatalos weboldal\u00e1nak \u00faj aj\u00e1nlat\u00e9rtes\u00edt\u00e9s\u00e9re. Miut\u00e1n t\u00f6bb mint 60 szettet kerestem, mindenf\u00e9le alv\u00f3ruh\u00e1hoz tal\u00e1ltam alternat\u00edv\u00e1kat olyan n\u00e9pszer\u0171 m\u00e1rk\u00e1kt\u00f3l, mint a Brooklinen, a Pottery Barn \u00e9s a Lands&#39; Avoid. Egy t\u00f6k\u00e9letes, fleece bor\u00edt\u00e1s\u00fa, v\u00e9gtelen\u00edtett ruhadarabon k\u00edv\u00fcl, amely t\u00f6k\u00e9letes huzatmentes otthoni viseletet biztos\u00edt, itt van, amire sz\u00fcks\u00e9ged van ahhoz, hogy k\u00e9nyelmesen \u00e9s melegen \u00e9rezd magad t\u00e9len.<\/p>\n<h2 id=\"toc-0\">Holland Nagyd\u00edj J\u00f3slat<\/h2>\n<p>B\u00e1r m\u00e9g v\u00e1rat mag\u00e1ra, hogy a Red <a href=\"https:\/\/fogadas-sport.com\/tippek\/\">http:\/\/www.fogadas-sport.com\/tippek\/<\/a> Bull versenyaut\u00f3ja mikor lesz agressz\u00edv, Verstappen minden k\u00e9ts\u00e9get kiz\u00e1r\u00f3an mindent belead rajong\u00f3i holland tengerpartj\u00e1n. A Formula\u20131-es szezont \u00e9l\u0151ben k\u00f6zvet\u00edtik a vil\u00e1g minden t\u00e1j\u00e1r\u00f3l. Bar\u00e1tai, Oscar Piastri \u00e9s Sergio Perez a harmadik, illetve az \u00f6t\u00f6dik helyen \u00e1llnak ebben a sorrendben, George Russell Mercedese m\u00f6g\u00e9 b\u00fajva. A 2025-\u00f6s F1-es szezont a kiv\u00e1lasztott helyeken az F1TV Professionalon is megtekinthetik. Az \u00fcnnepek azonban nem id\u0151szer\u0171ek a wokingi F1-es szettekhez, mivel a csal\u00e1d h\u0151se, Maxim Verstappen vas\u00e1rnapt\u00f3l az \u00faj McLarensek h\u00e1ts\u00f3 \u00fcl\u00e9s\u00e9n \u00fclhet a m\u00e1sodik sorban, hogy kivil\u00e1gosodjon. Krikett az els\u0151, majd boncolgat\u00f3ruh\u00e1s akci\u00f3ival \u00e9s j\u00e1t\u00e9kfigur\u00e1j\u00e1val b\u00fcszk\u00e9lkedhet.<\/p>\n<h2 id=\"toc-1\">Hogyan t\u00f6rt\u00e9k meg az F1 k\u00f6z\u00f6ss\u00e9gek a padl\u00f3n l\u00e9v\u0151 benyom\u00e1st egy adott id\u0151pontban?<\/h2>\n<p>A friss tengerparti menetrend mindig is l\u00e1tv\u00e1nyos volt, szigor\u00fa kialak\u00edt\u00e1s\u00e1val, d\u00f6nt\u00f6tt oldalaival \u00e9s a szesz\u00e9lyes \u00e9szaki-tengeri id\u0151j\u00e1r\u00e1ssal \u00faj alapot teremtve a legnehezebb versenyeknek. A h\u00e9tv\u00e9g\u00e9n a rajong\u00f3k k\u00e9ts\u00e9gbeesetten k\u00edv\u00e1ncsiak lehetnek arra, hogy Maxim Verstappen ism\u00e9t \u00f6r\u00f6met szerez-e hazai k\u00f6z\u00f6ns\u00e9g\u00e9nek, vagy az \u00faj, domin\u00e1ns McLaren du\u00f3 tov\u00e1bbra is dikt\u00e1lja-e a temp\u00f3t. A leg\u00fajabb kaland a Zandvoort-i versenyt\u0151l az F1 Akad\u00e9mia id\u0151m\u00e9r\u0151 edz\u00e9s\u00e9ig tart. Az oszt\u00e1lyon bel\u00fcl az \u00faj, felt\u00f6rekv\u0151 n\u0151i pil\u00f3t\u00e1k versenyeznek, hogy megtal\u00e1lj\u00e1k a legjobb helyez\u00e9st az \u00faj esem\u00e9nyeken. Minden k\u00f6r sz\u00e1m\u00edt, mivel mindent beleadnak, hogy a leggyorsabb pillanataikat futs\u00e1k a neh\u00e9z \u00e9s technik\u00e1s p\u00e1ly\u00e1n.<\/p>\n<ul>\n<li>Mivel nagyj\u00e1b\u00f3l sz\u00e1z m\u00e9terre vagyunk az \u00c9szaki-tengert\u0151l, a naps\u00fct\u00e9s \u00e9s az es\u0151 meglehet\u0151sen v\u00e1ltoz\u00e9kony lehet, \u00e9s a ny\u00e1r v\u00e9g\u00e9re a h\u0151m\u00e9rs\u00e9klet \u00e1ltal\u00e1ban m\u00e1r 20 \u00b0C alatt lehet.<\/li>\n<li>Az Egyes\u00fclt Kir\u00e1lys\u00e1g k\u00f6z\u00f6ns\u00e9ge val\u00f3s id\u0151ben k\u00f6vetheti nyomon a saj\u00e1t Holland Nagyd\u00edj versenyeidet, az id\u0151m\u00e9r\u0151t, \u00e9s megk\u00fczdhetsz az Air Football F1-en.<\/li>\n<li>Neki van a leggyorsabb k\u00f6re, \u00e9s Gabriel Bortoleto is a terepen van \u2013 mennyi ideje van m\u00e9g a v\u00e1s\u00e1rl\u00e1sb\u00f3l?<\/li>\n<li>A mai napra sem ker\u00fcl sor, a jap\u00e1n versenyre pedig a 18. helyen bel\u00fcl ker\u00fcl sor, most egym\u00e1s Aston Martinjai m\u00f6g\u00f6tt!<\/li>\n<\/ul>\n<p><img decoding=\"async\" src=\"https:\/\/postmediatorontosun.files.wordpress.com\/2019\/02\/betting-e1549251892507.jpg\" alt=\"spread betting\" align=\"left\" border=\"1\" style=\"padding: 20px;\"><\/p>\n<p>A Sling Television \u00faj napot nyit A Citation \u00faj szabads\u00e1got ad a fogyaszt\u00f3knak, hogy azt n\u00e9zzenek, amit akarnak, akkor, amikor akarj\u00e1k, ahelyett, hogy havi streaming el\u0151fizet\u00e9sbe k\u00f6lten\u00e9nek. A vas\u00e1rnapi versenyre bekapcsol\u00f3dhatsz az F1 Television Professional, az ESPN, az ESPN Deportes \u00e9s az ESPN3 csatorn\u00e1kon. A versenyek \u00e9s az id\u0151m\u00e9r\u0151 versenyek \u00e1ltal\u00e1ban az F1 Television Professional, az ESPNU, az ESPN2, az ESPN3 \u00e9s az ESPN Deportes csatorn\u00e1kon ker\u00fclnek ad\u00e1sba. Az F1 saj\u00e1t F1TV-el\u0151fizet\u00e9se az \u00faj United States-ben \u00e9rkezik, amely \u00e9l\u0151ben mutatja az eg\u00e9sz F1 Holland Nagyd\u00edj h\u00e9tv\u00e9g\u00e9t. Mindk\u00e9t aut\u00f3vezet\u0151 2024 v\u00e9g\u00e9n marad, de miut\u00e1n a Red Bullt\u00f3l kir\u00fagta mag\u00e1t, Perez ragaszkodott ahhoz, hogy &quot;nincs mit meger\u0151s\u00edtenie&quot; kor\u00e1bbi csapata rossz j\u00e1t\u00e9km\u00f3dja &#8211; Verstappen t\u00e1voz\u00e1sa &#8211; ut\u00e1n.<\/p>\n<ul>\n<li>Ez volt az \u00faj brit pil\u00f3ta harmadik gy\u0151zelme az elm\u00falt \u00f6t versenyen, folytatva a Red Bull Ringen \u00e9s a Silverstone-ban aratott csal\u00e1di \u00f6sszeoml\u00e1st, ami val\u00f3di bizalmat ad arra, hogy most m\u00e1r k\u00e9pes lesz legy\u0151zni Piastrit, hogy folytassa \u00e9s ki\u00e9rdemelje a sz\u00e9p le\u00e1nykori nevet.<\/li>\n<li>Lando Norris nemr\u00e9giben a k\u00f6zvet\u00edt\u00e9sben kijelentette, hogy a fick\u00f3 nem tudja Oscar Piastrit a verseny pillanatnyi \u00e1ll\u00e1s\u00e1hoz k\u00f6tni, a partnerek egym\u00e1s temp\u00f3j\u00e1nak \u00f6sszehangol\u00e1s\u00e1hoz.<\/li>\n<li>Teh\u00e1t az ismeretek \u00fcnnepi hangulatot teremtettek a 2021-es \u00faj menetrendhez val\u00f3 visszat\u00e9r\u00e9s \u00f3ta, b\u00e1r ez az utols\u00f3 el\u0151tti \u00e9v, miel\u0151tt ism\u00e9t elt\u0171nik a napt\u00e1rban.<\/li>\n<li>Az \u00ednyenc vacsor\u00e1kt\u00f3l kezdve a vintage p\u00e1lyamenti falatk\u00e1kon \u00e1t a vil\u00e1g minden t\u00e1j\u00e1r\u00f3l \u00e9rkez\u0151 aut\u00f3k v\u00e1laszt\u00e9k\u00e1ig Zandvoort eg\u00e9sz h\u00e9tv\u00e9g\u00e9n felt\u00f6lt\u0151d\u00e9st k\u00edn\u00e1l a rajong\u00f3knak.<\/li>\n<\/ul>\n<p>Purley egy George-\u00e9rmet kapott a tippjei\u00e9rt, mondta Jackie Stewart, a Tyrrell pil\u00f3t\u00e1ja, miel\u0151tt csapatt\u00e1rsa, Francois Cevert lett volna. Sajnos a versenynapon valami nagyon rosszul s\u00fclt el, rendezetlens\u00e9g \u00e9s el\u00e9gtelen interakci\u00f3 alakult ki, ami tov\u00e1bb gazdag\u00edtotta az akkori esem\u00e9nyeket. Roger Williamson, mint m\u00e1sodik F1-es versenye, s\u00falyosan megrong\u00e1lta a Tunnel Oost k\u00f6zeli szakasz\u00e1t, aut\u00f3ja pedig kigyulladt, mik\u00f6zben az aszfalton g\u00e1zolt. Az els\u0151 versenyre 1948-ban ker\u00fclt sor az \u00faj Zandvoort Nagyd\u00edj alatt, ahol a thaif\u00f6ldi Prince Bira vitte a kock\u00e1s z\u00e1szl\u00f3t. Louis Rosier 1950-ben \u00e9s 1951-ben szerzett gy\u0151zelmet, a Holland Nagyd\u00edj pedig v\u00e9g\u00fcl az 1952-es F1-es ipar\u00e1gi c\u00edm r\u00e9sz\u00e9v\u00e9 v\u00e1lt. Maxim Verstappen ir\u00e1nti \u00faj \u00e9rdekl\u0151d\u00e9s egy\u00e9rtelm\u0171en azt jelentette, hogy csak percek k\u00e9rd\u00e9se, hogy a negat\u00edv m\u00e9rleggel j\u00e1r\u00f3 siets\u00e9g miatt a Bull pil\u00f3t\u00e1j\u00e1nak nemzetis\u00e9ge visszaker\u00fclj\u00f6n.<\/p>\n<h2 id=\"toc-2\">Augusztus 31-i h\u00e9tv\u00e9ge<\/h2>\n<p>A weboldalon tal\u00e1lhat\u00f3 \u00fczenet aktivit\u00e1sra szolg\u00e1l, \u00e9s kiz\u00e1r\u00f3lag tudom\u00e1nyos c\u00e9lokat szolg\u00e1lhat. A fogad\u00e1si \u00e9s szerencsej\u00e1t\u00e9k-tartalmak 21 \u00e9ven fel\u00fclieknek sz\u00f3lnak, \u00e9s az egy\u00e9ni komment\u00e1torok v\u00e9lem\u00e9nyein alapulnak, soha nem a Time Mass Media vagy le\u00e1nyv\u00e1llalatainak, illetve a kapcsol\u00f3d\u00f3 m\u00e1rk\u00e1knak a v\u00e9lem\u00e9ny\u00e9t t\u00fckr\u00f6zik. Minden tipp \u00e9s el\u0151rejelz\u00e9s csak t\u00e1j\u00e9koztat\u00f3 jelleg\u0171, \u00e9s soha nem garant\u00e1lja a sikereket, illetve a p\u00e9nzbeli nyeres\u00e9get.<\/p>\n<h2 id=\"toc-3\">Holland Nagyd\u00edj menetrendje 2025<\/h2>\n<p>Az ingyenes viselked\u00e9s harmadik l\u00e9p\u00e9se az utols\u00f3 l\u00e9p\u00e9s, hogy a Formula\u20131-es versenyz\u0151k \u00e9s a csapatok felk\u00e9sz\u00fclhessenek az id\u0151m\u00e9r\u0151re \u00e9s a csat\u00e1ra. A csapatok sz\u00e1m\u00e1ra ez az utols\u00f3 lehet\u0151s\u00e9g a kutat\u00e1sra, a teljes\u00edtm\u00e9ny megismer\u00e9s\u00e9re \u00e9s a be\u00e1ll\u00edt\u00e1sok kiv\u00e1laszt\u00e1s\u00e1ra, amelyekkel a ranglista \u00e9l\u00e9re ker\u00fclhetnek. Az \u00faj Holland Nagyd\u00edjat a Zandvoort Rendezv\u00e9nyparkban rendezik, egy 4,259 km-es p\u00e1ly\u00e1n, amelyet s\u00e1rd\u0171n\u00e9k k\u00f6r\u00e9 \u00e9p\u00edtettek, \u00e9s egy tengerparti h\u00e1zban tal\u00e1lod magad, ahol 14 \u00e1tmenet lesz a futam alatt. A 2021-es nagyd\u00edj \u00fajraind\u00edt\u00e1sak\u00e9nt a holland Verstappen h\u00e1romszoros gy\u0151zelmet aratott, m\u00edg Norris az \u00faj dobog\u00f3 tetej\u00e9n \u00e1ll az idei versenyen. Az \u00faj algoritmus els\u0151 l\u00e9p\u00e9se az \u00e9v els\u0151 felvon\u00e1s\u00e1ban Hollandi\u00e1ba k\u00e9sz\u00fcl a 2025-\u00f6s Heineken Holland Nagyd\u00edj megrendez\u00e9se el\u0151tti h\u00e9tv\u00e9g\u00e9re. ET (3 p.yard helyi id\u0151 szerint), TV-n\u00e9z\u00e9ssel az ESPN sz\u00e1m\u00e1ra \u00e9s online k\u00f6zvet\u00edt\u00e9ssel az ig\u00e9nyeknek megfelel\u0151en.<\/p>\n","protected":false},"excerpt":{"rendered":"<p>Bejegyz\u00e9sek Holland Nagyd\u00edj J\u00f3slat Hogyan t\u00f6rt\u00e9k meg az F1 k\u00f6z\u00f6ss\u00e9gek a padl\u00f3n l\u00e9v\u0151 benyom\u00e1st egy adott id\u0151pontban? Augusztus 31-i h\u00e9tv\u00e9ge Holland Nagyd\u00edj menetrendje 2025 \u201eVal\u00f3sz\u00edn\u0171leg sz\u00fcks\u00e9g lesz valamilyen titokra, j\u00f3 megk\u00f6zel\u00edt\u00e9sre vagy hihetetlen ir\u00e1ny\u00edt\u00e1si mechanizmusok megment\u00e9s\u00e9re, vagy valami hasonl\u00f3ra.\u201d \u2013 Lando Norris a Piastri legy\u0151z\u00e9s\u00e9nek es\u00e9lyeir\u0151l a h\u00e9tv\u00e9g\u00e9n. Az \u00faj Zandvoort \u00fatvonal karny\u00fajt\u00e1snyira tal\u00e1lhat\u00f3 Hollandia [&hellip;]<\/p>\n","protected":false},"author":1,"featured_media":0,"comment_status":"closed","ping_status":"open","sticky":false,"template":"","format":"standard","meta":[],"categories":[1],"tags":[],"_links":{"self":[{"href":"http:\/\/hugofranco.pt\/index.php?rest_route=\/wp\/v2\/posts\/4530"}],"collection":[{"href":"http:\/\/hugofranco.pt\/index.php?rest_route=\/wp\/v2\/posts"}],"about":[{"href":"http:\/\/hugofranco.pt\/index.php?rest_route=\/wp\/v2\/types\/post"}],"author":[{"embeddable":true,"href":"http:\/\/hugofranco.pt\/index.php?rest_route=\/wp\/v2\/users\/1"}],"replies":[{"embeddable":true,"href":"http:\/\/hugofranco.pt\/index.php?rest_route=%2Fwp%2Fv2%2Fcomments&post=4530"}],"version-history":[{"count":1,"href":"http:\/\/hugofranco.pt\/index.php?rest_route=\/wp\/v2\/posts\/4530\/revisions"}],"predecessor-version":[{"id":4531,"href":"http:\/\/hugofranco.pt\/index.php?rest_route=\/wp\/v2\/posts\/4530\/revisions\/4531"}],"wp:attachment":[{"href":"http:\/\/hugofranco.pt\/index.php?rest_route=%2Fwp%2Fv2%2Fmedia&parent=4530"}],"wp:term":[{"taxonomy":"category","embeddable":true,"href":"http:\/\/hugofranco.pt\/index.php?rest_route=%2Fwp%2Fv2%2Fcategories&post=4530"},{"taxonomy":"post_tag","embeddable":true,"href":"http:\/\/hugofranco.pt\/index.php?rest_route=%2Fwp%2Fv2%2Ftags&post=4530"}],"curies":[{"name":"wp","href":"https:\/\/api.w.org\/{rel}","templated":true}]}}